{"id":26541,"date":"2021-04-13T23:22:10","date_gmt":"2021-04-14T02:22:10","guid":{"rendered":"https:\/\/nicholastinelli.com\/?p=26541"},"modified":"2025-09-02T10:07:24","modified_gmt":"2025-09-02T13:07:24","slug":"alessandro-bergamini-entrevista","status":"publish","type":"post","link":"https:\/\/nicholastinelli.com\/es\/alessandro-bergamini-entrevista\/","title":{"rendered":"Entrevista con el fot\u00f3grafo Alessandro Bergamini"},"content":{"rendered":"\t\t<div data-elementor-type=\"wp-post\" data-elementor-id=\"26541\" class=\"elementor elementor-26541 elementor-25620\" data-elementor-post-type=\"post\">\n\t\t\t\t\t\t<section class=\"elementor-section elementor-top-section elementor-element elementor-element-59588f3c elementor-section-boxed elementor-section-height-default elementor-section-height-default\" data-id=\"59588f3c\" data-element_type=\"section\" data-e-type=\"section\">\n\t\t\t\t\t\t<div class=\"elementor-container elementor-column-gap-default\">\n\t\t\t\t\t<div class=\"elementor-column elementor-col-100 elementor-top-column elementor-element elementor-element-4365cfff\" data-id=\"4365cfff\" data-element_type=\"column\" data-e-type=\"column\">\n\t\t\t<div class=\"elementor-widget-wrap elementor-element-populated\">\n\t\t\t\t\t\t<div class=\"elementor-element elementor-element-3e2c2a48 elementor-widget elementor-widget-text-editor\" data-id=\"3e2c2a48\" data-element_type=\"widget\" data-e-type=\"widget\" data-widget_type=\"text-editor.default\">\n\t\t\t\t<div class=\"elementor-widget-container\">\n\t\t\t\t\t\t\t\t\t<p class=\"p1\">En esta entrevista volamos a Italia para conocer a <strong>Alessandro Bergamini<\/strong>, fot\u00f3grafo y tour l\u00edder especializado en retratos, culturas y tradiciones de Asia.<\/p>\t\t\t\t\t\t\t\t<\/div>\n\t\t\t\t<\/div>\n\t\t\t\t<div class=\"elementor-element elementor-element-26118cd6 elementor-widget elementor-widget-spacer\" data-id=\"26118cd6\" data-element_type=\"widget\" data-e-type=\"widget\" data-widget_type=\"spacer.default\">\n\t\t\t\t<div class=\"elementor-widget-container\">\n\t\t\t\t\t\t\t<div class=\"elementor-spacer\">\n\t\t\t<div class=\"elementor-spacer-inner\"><\/div>\n\t\t<\/div>\n\t\t\t\t\t\t<\/div>\n\t\t\t\t<\/div>\n\t\t\t\t<div class=\"elementor-element elementor-element-13b79e23 elementor-widget elementor-widget-heading\" data-id=\"13b79e23\" data-element_type=\"widget\" data-e-type=\"widget\" data-widget_type=\"heading.default\">\n\t\t\t\t<div class=\"elementor-widget-container\">\n\t\t\t\t\t<h2 class=\"elementor-heading-title elementor-size-default\">\u00bfC\u00f3mo naci\u00f3 tu pasi\u00f3n por los viajes y la fotograf\u00eda?<\/h2>\t\t\t\t<\/div>\n\t\t\t\t<\/div>\n\t\t\t\t<div class=\"elementor-element elementor-element-4f62ad8b elementor-widget elementor-widget-text-editor\" data-id=\"4f62ad8b\" data-element_type=\"widget\" data-e-type=\"widget\" data-widget_type=\"text-editor.default\">\n\t\t\t\t<div class=\"elementor-widget-container\">\n\t\t\t\t\t\t\t\t\t<p>La pasi\u00f3n por los viajes surge de una curiosidad constante y del <strong>deseo de descubrir el mundo<\/strong>.<\/p><p>Siempre quise viajar y <span style=\"text-decoration: underline;\">me apasiona poder sumergirme por completo en las culturas de los lugares que visito<\/span>, viviendo el d\u00eda con las personas que encuentro, que me abren sus puertas, estableciendo un contacto humano, mostr\u00e1ndome parte de sus vidas.<\/p><p>Esta posibilidad de acercarme a gente que no conozco, con una cultura tan diferente a la m\u00eda, es la raz\u00f3n que m\u00e1s me empuja a fotografiar.<\/p>\t\t\t\t\t\t\t\t<\/div>\n\t\t\t\t<\/div>\n\t\t\t\t<div class=\"elementor-element elementor-element-61267da elementor-widget elementor-widget-image\" data-id=\"61267da\" data-element_type=\"widget\" data-e-type=\"widget\" data-widget_type=\"image.default\">\n\t\t\t\t<div class=\"elementor-widget-container\">\n\t\t\t\t\t\t\t\t\t\t\t\t<figure class=\"wp-caption\">\n\t\t\t\t\t\t\t\t\t\t<img fetchpriority=\"high\" decoding=\"async\" width=\"1024\" height=\"727\" src=\"https:\/\/nicholastinelli.com\/wp-content\/uploads\/2021\/02\/afganisthan-girl.jpg\" class=\"attachment-full size-full wp-image-25644\" alt=\"girl in afganisthan\" srcset=\"https:\/\/nicholastinelli.com\/wp-content\/uploads\/2021\/02\/afganisthan-girl.jpg 1024w, https:\/\/nicholastinelli.com\/wp-content\/uploads\/2021\/02\/afganisthan-girl-800x568.jpg 800w, https:\/\/nicholastinelli.com\/wp-content\/uploads\/2021\/02\/afganisthan-girl-768x545.jpg 768w\" sizes=\"(max-width: 1024px) 100vw, 1024px\" \/>\t\t\t\t\t\t\t\t\t\t\t<figcaption class=\"widget-image-caption wp-caption-text\">Chica afgana  - \u00a9 Alessandro Bergamini<\/figcaption>\n\t\t\t\t\t\t\t\t\t\t<\/figure>\n\t\t\t\t\t\t\t\t\t<\/div>\n\t\t\t\t<\/div>\n\t\t\t\t<div class=\"elementor-element elementor-element-4ee3758a elementor-widget elementor-widget-spacer\" data-id=\"4ee3758a\" data-element_type=\"widget\" data-e-type=\"widget\" data-widget_type=\"spacer.default\">\n\t\t\t\t<div class=\"elementor-widget-container\">\n\t\t\t\t\t\t\t<div class=\"elementor-spacer\">\n\t\t\t<div class=\"elementor-spacer-inner\"><\/div>\n\t\t<\/div>\n\t\t\t\t\t\t<\/div>\n\t\t\t\t<\/div>\n\t\t\t\t<div class=\"elementor-element elementor-element-75fc544d elementor-widget elementor-widget-heading\" data-id=\"75fc544d\" data-element_type=\"widget\" data-e-type=\"widget\" data-widget_type=\"heading.default\">\n\t\t\t\t<div class=\"elementor-widget-container\">\n\t\t\t\t\t<h2 class=\"elementor-heading-title elementor-size-default\">\u00bfQu\u00e9 buscas en un retrato?<\/h2>\t\t\t\t<\/div>\n\t\t\t\t<\/div>\n\t\t\t\t<div class=\"elementor-element elementor-element-115836f4 elementor-widget elementor-widget-text-editor\" data-id=\"115836f4\" data-element_type=\"widget\" data-e-type=\"widget\" data-widget_type=\"text-editor.default\">\n\t\t\t\t<div class=\"elementor-widget-container\">\n\t\t\t\t\t\t\t\t\t<p class=\"p1\">Una historia: <span style=\"text-decoration: underline;\">muchos de los grupos \u00e9tnicos que fotograf\u00edo est\u00e1n desapareciendo lentamente<\/span>.<\/p><p class=\"p1\">En los retratos busco autenticidad, belleza y la posibilidad de contar una historia, de transmitirla al p\u00fablico.<\/p>\t\t\t\t\t\t\t\t<\/div>\n\t\t\t\t<\/div>\n\t\t\t\t<div class=\"elementor-element elementor-element-5b25819 elementor-widget elementor-widget-heading\" data-id=\"5b25819\" data-element_type=\"widget\" data-e-type=\"widget\" data-widget_type=\"heading.default\">\n\t\t\t\t<div class=\"elementor-widget-container\">\n\t\t\t\t\t<h2 class=\"elementor-heading-title elementor-size-default\">Uno de tus retratos favoritos y la historia detr\u00e1s de esta fotograf\u00eda.<\/h2>\t\t\t\t<\/div>\n\t\t\t\t<\/div>\n\t\t\t\t<div class=\"elementor-element elementor-element-721a5d14 elementor-widget elementor-widget-text-editor\" data-id=\"721a5d14\" data-element_type=\"widget\" data-e-type=\"widget\" data-widget_type=\"text-editor.default\">\n\t\t\t\t<div class=\"elementor-widget-container\">\n\t\t\t\t\t\t\t\t\t<p>Es dif\u00edcil responder, hay muchas fotos que me gustan por diferentes razones.<\/p><p>Una de ellas es, sin duda, el <strong>retrato de los ojos de la mujer india<\/strong> con la cara cubierta, a la que conoc\u00ed por casualidad mientras me adelantaba en una moto en una calle de Pushkar.<\/p><p>Le ped\u00ed permiso para fotografiarla y nos invit\u00f3 a su casa. Un poco m\u00e1s tarde, vino a vernos su hija, que ten\u00eda los mismos ojos (\u00a1o incluso m\u00e1s bonitos!).<\/p><p>Y as\u00ed, por un caso fortuito, fui hu\u00e9sped de esta familia y tom\u00e9 dos de los retratos que m\u00e1s satisfacci\u00f3n me han dado hasta ahora.<\/p>\t\t\t\t\t\t\t\t<\/div>\n\t\t\t\t<\/div>\n\t\t\t\t<div class=\"elementor-element elementor-element-1c4fcc9e elementor-widget elementor-widget-image\" data-id=\"1c4fcc9e\" data-element_type=\"widget\" data-e-type=\"widget\" data-widget_type=\"image.default\">\n\t\t\t\t<div class=\"elementor-widget-container\">\n\t\t\t\t\t\t\t\t\t\t\t\t<figure class=\"wp-caption\">\n\t\t\t\t\t\t\t\t\t\t<img decoding=\"async\" width=\"1024\" height=\"681\" src=\"https:\/\/nicholastinelli.com\/wp-content\/uploads\/2021\/02\/indian-woman-portrait.jpg\" class=\"attachment-full size-full wp-image-25635\" alt=\"indian woman portrait\" srcset=\"https:\/\/nicholastinelli.com\/wp-content\/uploads\/2021\/02\/indian-woman-portrait.jpg 1024w, https:\/\/nicholastinelli.com\/wp-content\/uploads\/2021\/02\/indian-woman-portrait-800x532.jpg 800w, https:\/\/nicholastinelli.com\/wp-content\/uploads\/2021\/02\/indian-woman-portrait-768x511.jpg 768w, https:\/\/nicholastinelli.com\/wp-content\/uploads\/2021\/02\/indian-woman-portrait-986x656.jpg 986w\" sizes=\"(max-width: 1024px) 100vw, 1024px\" \/>\t\t\t\t\t\t\t\t\t\t\t<figcaption class=\"widget-image-caption wp-caption-text\">Mujer india en una calle de Pushkar - \u00a9 Alessandro Bergamini<\/figcaption>\n\t\t\t\t\t\t\t\t\t\t<\/figure>\n\t\t\t\t\t\t\t\t\t<\/div>\n\t\t\t\t<\/div>\n\t\t\t\t<div class=\"elementor-element elementor-element-61e8f6a8 elementor-widget elementor-widget-spacer\" data-id=\"61e8f6a8\" data-element_type=\"widget\" data-e-type=\"widget\" data-widget_type=\"spacer.default\">\n\t\t\t\t<div class=\"elementor-widget-container\">\n\t\t\t\t\t\t\t<div class=\"elementor-spacer\">\n\t\t\t<div class=\"elementor-spacer-inner\"><\/div>\n\t\t<\/div>\n\t\t\t\t\t\t<\/div>\n\t\t\t\t<\/div>\n\t\t\t\t<div class=\"elementor-element elementor-element-6c9226b0 elementor-widget elementor-widget-heading\" data-id=\"6c9226b0\" data-element_type=\"widget\" data-e-type=\"widget\" data-widget_type=\"heading.default\">\n\t\t\t\t<div class=\"elementor-widget-container\">\n\t\t\t\t\t<h2 class=\"elementor-heading-title elementor-size-default\">\u00bfQu\u00e9 lente utilizas para retratar?<\/h2>\t\t\t\t<\/div>\n\t\t\t\t<\/div>\n\t\t\t\t<div class=\"elementor-element elementor-element-4d18ad3c elementor-widget elementor-widget-text-editor\" data-id=\"4d18ad3c\" data-element_type=\"widget\" data-e-type=\"widget\" data-widget_type=\"text-editor.default\">\n\t\t\t\t<div class=\"elementor-widget-container\">\n\t\t\t\t\t\t\t\t\t<p class=\"p1\">Viajo con dos c\u00e1maras, una monta un 35mm y la otra un 85mm: <span style=\"text-decoration: underline;\">nunca los cambio<\/span>.<\/p><p class=\"p1\">Creo que tener unos cuantos objetivos, ya calibrados para lo que quiero hacer, es la mejor soluci\u00f3n. Puedo concentrarme en la fotograf\u00eda, sin perder tiempo y sin arriesgarme a perder una buena oportunidad con un sujeto.<\/p>\t\t\t\t\t\t\t\t<\/div>\n\t\t\t\t<\/div>\n\t\t\t\t<div class=\"elementor-element elementor-element-27e93b7e elementor-widget elementor-widget-heading\" data-id=\"27e93b7e\" data-element_type=\"widget\" data-e-type=\"widget\" data-widget_type=\"heading.default\">\n\t\t\t\t<div class=\"elementor-widget-container\">\n\t\t\t\t\t<h2 class=\"elementor-heading-title elementor-size-default\">\u00bfUtilizas s\u00f3lo luz natural?<\/h2>\t\t\t\t<\/div>\n\t\t\t\t<\/div>\n\t\t\t\t<div class=\"elementor-element elementor-element-55544730 elementor-widget elementor-widget-text-editor\" data-id=\"55544730\" data-element_type=\"widget\" data-e-type=\"widget\" data-widget_type=\"text-editor.default\">\n\t\t\t\t<div class=\"elementor-widget-container\">\n\t\t\t\t\t\t\t\t\t<p class=\"p1\">Utilizo <span style=\"text-decoration: underline;\">casi exclusivamente luz natural con lentes muy luminosos<\/span>.<\/p><p class=\"p1\">En raras ocasiones, en situaciones como las carpas en Siberia, con malas condiciones de iluminaci\u00f3n, prob\u00e9 a utilizar un faro.<\/p><p class=\"p1\">Prefiero mucho m\u00e1s la luz natural!<\/p>\t\t\t\t\t\t\t\t<\/div>\n\t\t\t\t<\/div>\n\t\t\t\t<div class=\"elementor-element elementor-element-29c6d29c elementor-widget elementor-widget-image\" data-id=\"29c6d29c\" data-element_type=\"widget\" data-e-type=\"widget\" data-widget_type=\"image.default\">\n\t\t\t\t<div class=\"elementor-widget-container\">\n\t\t\t\t\t\t\t\t\t\t\t\t<figure class=\"wp-caption\">\n\t\t\t\t\t\t\t\t\t\t<img decoding=\"async\" width=\"1024\" height=\"680\" src=\"https:\/\/nicholastinelli.com\/wp-content\/uploads\/2021\/02\/buddhist-monk-light.jpg\" class=\"attachment-full size-full wp-image-25639\" alt=\"buddhist monk light\" srcset=\"https:\/\/nicholastinelli.com\/wp-content\/uploads\/2021\/02\/buddhist-monk-light.jpg 1024w, https:\/\/nicholastinelli.com\/wp-content\/uploads\/2021\/02\/buddhist-monk-light-800x531.jpg 800w, https:\/\/nicholastinelli.com\/wp-content\/uploads\/2021\/02\/buddhist-monk-light-768x510.jpg 768w\" sizes=\"(max-width: 1024px) 100vw, 1024px\" \/>\t\t\t\t\t\t\t\t\t\t\t<figcaption class=\"widget-image-caption wp-caption-text\">Joven monje budista, Myanmar - \u00a9 Alessandro Bergamini<\/figcaption>\n\t\t\t\t\t\t\t\t\t\t<\/figure>\n\t\t\t\t\t\t\t\t\t<\/div>\n\t\t\t\t<\/div>\n\t\t\t\t<div class=\"elementor-element elementor-element-349668c8 elementor-widget elementor-widget-heading\" data-id=\"349668c8\" data-element_type=\"widget\" data-e-type=\"widget\" data-widget_type=\"heading.default\">\n\t\t\t\t<div class=\"elementor-widget-container\">\n\t\t\t\t\t<h2 class=\"elementor-heading-title elementor-size-default\">3 fot\u00f3grafos que te han inspirado en el camino.<\/h2>\t\t\t\t<\/div>\n\t\t\t\t<\/div>\n\t\t\t\t<div class=\"elementor-element elementor-element-58203465 elementor-widget elementor-widget-text-editor\" data-id=\"58203465\" data-element_type=\"widget\" data-e-type=\"widget\" data-widget_type=\"text-editor.default\">\n\t\t\t\t<div class=\"elementor-widget-container\">\n\t\t\t\t\t\t\t\t\t<p>Sin duda, <strong>Steve McCurry<\/strong> es el primero de la lista y el que al principio m\u00e1s me inspir\u00f3 por la construcci\u00f3n de las fotograf\u00edas, las combinaciones de colores y la capacidad de captar momentos \u00fanicos.<\/p><p><strong>Jimmy Nelson<\/strong> por la espectacularidad y la capacidad de hacer que las culturas antiguas se vean casi modernas, con muchos detalles de sus vestimentas y del entorno en el que viven.<\/p><p><strong>Sebasti\u00e3o Salgado<\/strong> por su fuerte componente emocional, impactante y su fuerza comunicativa.<\/p>\t\t\t\t\t\t\t\t<\/div>\n\t\t\t\t<\/div>\n\t\t\t\t<div class=\"elementor-element elementor-element-3a855e1b elementor-widget elementor-widget-heading\" data-id=\"3a855e1b\" data-element_type=\"widget\" data-e-type=\"widget\" data-widget_type=\"heading.default\">\n\t\t\t\t<div class=\"elementor-widget-container\">\n\t\t\t\t\t<h2 class=\"elementor-heading-title elementor-size-default\">Cu\u00e9ntame sobre \"Humanity\", el libro que has publicado recientemente.<\/h2>\t\t\t\t<\/div>\n\t\t\t\t<\/div>\n\t\t\t\t<div class=\"elementor-element elementor-element-72d998a3 elementor-widget elementor-widget-text-editor\" data-id=\"72d998a3\" data-element_type=\"widget\" data-e-type=\"widget\" data-widget_type=\"text-editor.default\">\n\t\t\t\t<div class=\"elementor-widget-container\">\n\t\t\t\t\t\t\t\t\t<p class=\"p1\">Humanity es un paso muy importante para m\u00ed, un peque\u00f1o sue\u00f1o hecho realidad. Es la recopilaci\u00f3n de a\u00f1os de viajes, de trabajo duro, de emociones, de pruebas, \u00a1y debo decir que estoy muy entusiasmado!<\/p>\t\t\t\t\t\t\t\t<\/div>\n\t\t\t\t<\/div>\n\t\t\t\t<div class=\"elementor-element elementor-element-7b7f196 elementor-widget elementor-widget-image\" data-id=\"7b7f196\" data-element_type=\"widget\" data-e-type=\"widget\" data-widget_type=\"image.default\">\n\t\t\t\t<div class=\"elementor-widget-container\">\n\t\t\t\t\t\t\t\t\t\t\t\t<figure class=\"wp-caption\">\n\t\t\t\t\t\t\t\t\t\t<img loading=\"lazy\" decoding=\"async\" width=\"1024\" height=\"683\" src=\"https:\/\/nicholastinelli.com\/wp-content\/uploads\/2021\/02\/humanity-book-bergamini.jpg\" class=\"attachment-full size-full wp-image-25632\" alt=\"humanity book bergamini\" srcset=\"https:\/\/nicholastinelli.com\/wp-content\/uploads\/2021\/02\/humanity-book-bergamini.jpg 1024w, https:\/\/nicholastinelli.com\/wp-content\/uploads\/2021\/02\/humanity-book-bergamini-800x534.jpg 800w, https:\/\/nicholastinelli.com\/wp-content\/uploads\/2021\/02\/humanity-book-bergamini-768x512.jpg 768w\" sizes=\"(max-width: 1024px) 100vw, 1024px\" \/>\t\t\t\t\t\t\t\t\t\t\t<figcaption class=\"widget-image-caption wp-caption-text\">La portada de \"Humanity\" - \u00a9 Alessandro Bergamini<\/figcaption>\n\t\t\t\t\t\t\t\t\t\t<\/figure>\n\t\t\t\t\t\t\t\t\t<\/div>\n\t\t\t\t<\/div>\n\t\t\t\t<div class=\"elementor-element elementor-element-1f6d7a5b elementor-widget elementor-widget-heading\" data-id=\"1f6d7a5b\" data-element_type=\"widget\" data-e-type=\"widget\" data-widget_type=\"heading.default\">\n\t\t\t\t<div class=\"elementor-widget-container\">\n\t\t\t\t\t<h2 class=\"elementor-heading-title elementor-size-default\">\u00bfQu\u00e9 viajes fotogr\u00e1ficos tienes programados pr\u00f3ximamente?<\/h2>\t\t\t\t<\/div>\n\t\t\t\t<\/div>\n\t\t\t\t<div class=\"elementor-element elementor-element-1d7b153c elementor-widget elementor-widget-text-editor\" data-id=\"1d7b153c\" data-element_type=\"widget\" data-e-type=\"widget\" data-widget_type=\"text-editor.default\">\n\t\t\t\t<div class=\"elementor-widget-container\">\n\t\t\t\t\t\t\t\t\t<p>En cuanto podamos, ya tengo dos viajes con plazas agotadas para Siberia y Zanskar, adem\u00e1s estoy preparando una nueva propuesta para Mongolia y otra para Sud\u00e1n del Sur.<\/p><p>En definitiva, \u00a1espero de verdad que tengamos luz verde muy pronto!<\/p>\t\t\t\t\t\t\t\t<\/div>\n\t\t\t\t<\/div>\n\t\t\t\t<section class=\"elementor-section elementor-inner-section elementor-element elementor-element-e33f46b elementor-section-boxed elementor-section-height-default elementor-section-height-default\" data-id=\"e33f46b\" data-element_type=\"section\" data-e-type=\"section\">\n\t\t\t\t\t\t<div class=\"elementor-container elementor-column-gap-default\">\n\t\t\t\t\t<div class=\"elementor-column elementor-col-50 elementor-inner-column elementor-element elementor-element-3fc16288\" data-id=\"3fc16288\" data-element_type=\"column\" data-e-type=\"column\">\n\t\t\t<div class=\"elementor-widget-wrap elementor-element-populated\">\n\t\t\t\t\t\t<div class=\"elementor-element elementor-element-68f3b6d1 elementor-position-top elementor-widget elementor-widget-image-box\" data-id=\"68f3b6d1\" data-element_type=\"widget\" data-e-type=\"widget\" data-widget_type=\"image-box.default\">\n\t\t\t\t<div class=\"elementor-widget-container\">\n\t\t\t\t\t<div class=\"elementor-image-box-wrapper\"><figure class=\"elementor-image-box-img\"><img loading=\"lazy\" decoding=\"async\" width=\"576\" height=\"576\" src=\"https:\/\/nicholastinelli.com\/wp-content\/uploads\/2021\/02\/alessandro-bergamini.jpg\" class=\"attachment-full size-full wp-image-26528\" alt=\"alessandro bergamini\" srcset=\"https:\/\/nicholastinelli.com\/wp-content\/uploads\/2021\/02\/alessandro-bergamini.jpg 576w, https:\/\/nicholastinelli.com\/wp-content\/uploads\/2021\/02\/alessandro-bergamini-150x150.jpg 150w\" sizes=\"(max-width: 576px) 100vw, 576px\" \/><\/figure><div class=\"elementor-image-box-content\"><h3 class=\"elementor-image-box-title\">Alessandro Bergamini<\/h3><\/div><\/div>\t\t\t\t<\/div>\n\t\t\t\t<\/div>\n\t\t\t\t<div class=\"elementor-element elementor-element-5173a02d elementor-widget elementor-widget-heading\" data-id=\"5173a02d\" data-element_type=\"widget\" data-e-type=\"widget\" data-widget_type=\"heading.default\">\n\t\t\t\t<div class=\"elementor-widget-container\">\n\t\t\t\t\t<h2 class=\"elementor-heading-title elementor-size-default\">Fot\u00f3grafo con sede en Italia<\/h2>\t\t\t\t<\/div>\n\t\t\t\t<\/div>\n\t\t\t\t\t<\/div>\n\t\t<\/div>\n\t\t\t\t<div class=\"elementor-column elementor-col-50 elementor-inner-column elementor-element elementor-element-4f853e3e\" data-id=\"4f853e3e\" data-element_type=\"column\" data-e-type=\"column\">\n\t\t\t<div class=\"elementor-widget-wrap elementor-element-populated\">\n\t\t\t\t\t\t<div class=\"elementor-element elementor-element-26f345bd elementor-view-default elementor-position-block-start elementor-mobile-position-block-start elementor-widget elementor-widget-icon-box\" data-id=\"26f345bd\" data-element_type=\"widget\" data-e-type=\"widget\" data-widget_type=\"icon-box.default\">\n\t\t\t\t<div class=\"elementor-widget-container\">\n\t\t\t\t\t\t\t<div class=\"elementor-icon-box-wrapper\">\n\n\t\t\t\t\t\t<div class=\"elementor-icon-box-icon\">\n\t\t\t\t<a href=\"http:\/\/www.alessandrobergamini.it\" target=\"_blank\" rel=\"nofollow noopener\" class=\"elementor-icon\" tabindex=\"-1\" aria-label=\"www.alessandrobergamini.it\">\n\t\t\t\t<svg aria-hidden=\"true\" class=\"e-font-icon-svg e-fas-link\" viewBox=\"0 0 512 512\" xmlns=\"http:\/\/www.w3.org\/2000\/svg\"><path d=\"M326.612 185.391c59.747 59.809 58.927 155.698.36 214.59-.11.12-.24.25-.36.37l-67.2 67.2c-59.27 59.27-155.699 59.262-214.96 0-59.27-59.26-59.27-155.7 0-214.96l37.106-37.106c9.84-9.84 26.786-3.3 27.294 10.606.648 17.722 3.826 35.527 9.69 52.721 1.986 5.822.567 12.262-3.783 16.612l-13.087 13.087c-28.026 28.026-28.905 73.66-1.155 101.96 28.024 28.579 74.086 28.749 102.325.51l67.2-67.19c28.191-28.191 28.073-73.757 0-101.83-3.701-3.694-7.429-6.564-10.341-8.569a16.037 16.037 0 0 1-6.947-12.606c-.396-10.567 3.348-21.456 11.698-29.806l21.054-21.055c5.521-5.521 14.182-6.199 20.584-1.731a152.482 152.482 0 0 1 20.522 17.197zM467.547 44.449c-59.261-59.262-155.69-59.27-214.96 0l-67.2 67.2c-.12.12-.25.25-.36.37-58.566 58.892-59.387 154.781.36 214.59a152.454 152.454 0 0 0 20.521 17.196c6.402 4.468 15.064 3.789 20.584-1.731l21.054-21.055c8.35-8.35 12.094-19.239 11.698-29.806a16.037 16.037 0 0 0-6.947-12.606c-2.912-2.005-6.64-4.875-10.341-8.569-28.073-28.073-28.191-73.639 0-101.83l67.2-67.19c28.239-28.239 74.3-28.069 102.325.51 27.75 28.3 26.872 73.934-1.155 101.96l-13.087 13.087c-4.35 4.35-5.769 10.79-3.783 16.612 5.864 17.194 9.042 34.999 9.69 52.721.509 13.906 17.454 20.446 27.294 10.606l37.106-37.106c59.271-59.259 59.271-155.699.001-214.959z\"><\/path><\/svg>\t\t\t\t<\/a>\n\t\t\t<\/div>\n\t\t\t\n\t\t\t\t\t\t<div class=\"elementor-icon-box-content\">\n\n\t\t\t\t\t\t\t\t\t<h3 class=\"elementor-icon-box-title\">\n\t\t\t\t\t\t<a href=\"http:\/\/www.alessandrobergamini.it\" target=\"_blank\" rel=\"nofollow noopener\">\n\t\t\t\t\t\t\twww.alessandrobergamini.it\t\t\t\t\t\t<\/a>\n\t\t\t\t\t<\/h3>\n\t\t\t\t\n\t\t\t\t\n\t\t\t<\/div>\n\t\t\t\n\t\t<\/div>\n\t\t\t\t\t\t<\/div>\n\t\t\t\t<\/div>\n\t\t\t\t<div class=\"elementor-element elementor-element-6c2de21 elementor-shape-circle elementor-grid-0 e-grid-align-center elementor-widget elementor-widget-social-icons\" data-id=\"6c2de21\" data-element_type=\"widget\" data-e-type=\"widget\" data-widget_type=\"social-icons.default\">\n\t\t\t\t<div class=\"elementor-widget-container\">\n\t\t\t\t\t\t\t<div class=\"elementor-social-icons-wrapper elementor-grid\" role=\"list\">\n\t\t\t\t\t\t\t<span class=\"elementor-grid-item\" role=\"listitem\">\n\t\t\t\t\t<a class=\"elementor-icon elementor-social-icon elementor-social-icon-instagram elementor-repeater-item-f3efee4\" href=\"https:\/\/www.instagram.com\/alessandro_bergamini_travel\/\" target=\"_blank\" rel=\"nofollow noopener\">\n\t\t\t\t\t\t<span class=\"elementor-screen-only\">Instagram<\/span>\n\t\t\t\t\t\t<svg aria-hidden=\"true\" class=\"e-font-icon-svg e-fab-instagram\" viewBox=\"0 0 448 512\" xmlns=\"http:\/\/www.w3.org\/2000\/svg\"><path d=\"M224.1 141c-63.6 0-114.9 51.3-114.9 114.9s51.3 114.9 114.9 114.9S339 319.5 339 255.9 287.7 141 224.1 141zm0 189.6c-41.1 0-74.7-33.5-74.7-74.7s33.5-74.7 74.7-74.7 74.7 33.5 74.7 74.7-33.6 74.7-74.7 74.7zm146.4-194.3c0 14.9-12 26.8-26.8 26.8-14.9 0-26.8-12-26.8-26.8s12-26.8 26.8-26.8 26.8 12 26.8 26.8zm76.1 27.2c-1.7-35.9-9.9-67.7-36.2-93.9-26.2-26.2-58-34.4-93.9-36.2-37-2.1-147.9-2.1-184.9 0-35.8 1.7-67.6 9.9-93.9 36.1s-34.4 58-36.2 93.9c-2.1 37-2.1 147.9 0 184.9 1.7 35.9 9.9 67.7 36.2 93.9s58 34.4 93.9 36.2c37 2.1 147.9 2.1 184.9 0 35.9-1.7 67.7-9.9 93.9-36.2 26.2-26.2 34.4-58 36.2-93.9 2.1-37 2.1-147.8 0-184.8zM398.8 388c-7.8 19.6-22.9 34.7-42.6 42.6-29.5 11.7-99.5 9-132.1 9s-102.7 2.6-132.1-9c-19.6-7.8-34.7-22.9-42.6-42.6-11.7-29.5-9-99.5-9-132.1s-2.6-102.7 9-132.1c7.8-19.6 22.9-34.7 42.6-42.6 29.5-11.7 99.5-9 132.1-9s102.7-2.6 132.1 9c19.6 7.8 34.7 22.9 42.6 42.6 11.7 29.5 9 99.5 9 132.1s2.7 102.7-9 132.1z\"><\/path><\/svg>\t\t\t\t\t<\/a>\n\t\t\t\t<\/span>\n\t\t\t\t\t\t\t<span class=\"elementor-grid-item\" role=\"listitem\">\n\t\t\t\t\t<a class=\"elementor-icon elementor-social-icon elementor-social-icon-facebook elementor-repeater-item-08bdea9\" href=\"https:\/\/www.facebook.com\/alessandro.bergamini.733\" target=\"_blank\" rel=\"nofollow noopener\">\n\t\t\t\t\t\t<span class=\"elementor-screen-only\">Facebook<\/span>\n\t\t\t\t\t\t<svg aria-hidden=\"true\" class=\"e-font-icon-svg e-fab-facebook\" viewBox=\"0 0 512 512\" xmlns=\"http:\/\/www.w3.org\/2000\/svg\"><path d=\"M504 256C504 119 393 8 256 8S8 119 8 256c0 123.78 90.69 226.38 209.25 245V327.69h-63V256h63v-54.64c0-62.15 37-96.48 93.67-96.48 27.14 0 55.52 4.84 55.52 4.84v61h-31.28c-30.8 0-40.41 19.12-40.41 38.73V256h68.78l-11 71.69h-57.78V501C413.31 482.38 504 379.78 504 256z\"><\/path><\/svg>\t\t\t\t\t<\/a>\n\t\t\t\t<\/span>\n\t\t\t\t\t<\/div>\n\t\t\t\t\t\t<\/div>\n\t\t\t\t<\/div>\n\t\t\t\t\t<\/div>\n\t\t<\/div>\n\t\t\t\t\t<\/div>\n\t\t<\/section>\n\t\t\t\t\t<\/div>\n\t\t<\/div>\n\t\t\t\t\t<\/div>\n\t\t<\/section>\n\t\t\t\t<\/div>\n\t\t","protected":false},"excerpt":{"rendered":"<p>En esta entrevista volamos a Italia para conocer a Alessandro Bergamini, fot\u00f3grafo y tour l\u00edder especializado en retratos, culturas y tradiciones de Asia. \u00bfC\u00f3mo naci\u00f3 tu pasi\u00f3n por los viajes y la fotograf\u00eda? La pasi\u00f3n por los viajes surge de una curiosidad constante y del deseo de descubrir el mundo. Siempre quise viajar y me &#8230; <a title=\"Entrevista con el fot\u00f3grafo Alessandro Bergamini\" class=\"read-more\" href=\"https:\/\/nicholastinelli.com\/es\/alessandro-bergamini-entrevista\/\" aria-label=\"Leer m\u00e1s sobre Entrevista con el fot\u00f3grafo Alessandro Bergamini\">Leer m\u00e1s<\/a><\/p>\n","protected":false},"author":2,"featured_media":25635,"comment_status":"open","ping_status":"closed","sticky":false,"template":"","format":"standard","meta":{"_lmt_disableupdate":"no","_lmt_disable":"no","footnotes":""},"categories":[220],"tags":[7050,293,241,284,7053,7051,3360,554,272,555],"class_list":["post-26541","post","type-post","status-publish","format-standard","has-post-thumbnail","hentry","category-entrevistas","tag-alessandro-bergamini-es","tag-entrevista","tag-fotografia-es","tag-fotografia-de-viajes","tag-humanidad","tag-humanity-es","tag-interview-es","tag-portrait-photography-es","tag-retratos","tag-travel-photography-es"],"modified_by":"Nicholas Tinelli","_links":{"self":[{"href":"https:\/\/nicholastinelli.com\/es\/wp-json\/wp\/v2\/posts\/26541","targetHints":{"allow":["GET"]}}],"collection":[{"href":"https:\/\/nicholastinelli.com\/es\/wp-json\/wp\/v2\/posts"}],"about":[{"href":"https:\/\/nicholastinelli.com\/es\/wp-json\/wp\/v2\/types\/post"}],"author":[{"embeddable":true,"href":"https:\/\/nicholastinelli.com\/es\/wp-json\/wp\/v2\/users\/2"}],"replies":[{"embeddable":true,"href":"https:\/\/nicholastinelli.com\/es\/wp-json\/wp\/v2\/comments?post=26541"}],"version-history":[{"count":0,"href":"https:\/\/nicholastinelli.com\/es\/wp-json\/wp\/v2\/posts\/26541\/revisions"}],"wp:featuredmedia":[{"embeddable":true,"href":"https:\/\/nicholastinelli.com\/es\/wp-json\/wp\/v2\/media\/25635"}],"wp:attachment":[{"href":"https:\/\/nicholastinelli.com\/es\/wp-json\/wp\/v2\/media?parent=26541"}],"wp:term":[{"taxonomy":"category","embeddable":true,"href":"https:\/\/nicholastinelli.com\/es\/wp-json\/wp\/v2\/categories?post=26541"},{"taxonomy":"post_tag","embeddable":true,"href":"https:\/\/nicholastinelli.com\/es\/wp-json\/wp\/v2\/tags?post=26541"}],"curies":[{"name":"wp","href":"https:\/\/api.w.org\/{rel}","templated":true}]}}